{"id":20655,"date":"2022-06-04T00:59:17","date_gmt":"2022-06-03T22:59:17","guid":{"rendered":"https:\/\/www.debuechi.ch\/blog\/?p=20655"},"modified":"2022-06-04T01:05:00","modified_gmt":"2022-06-03T23:05:00","slug":"es-dursten-an-und-wieder-an-alte-lieder-und-dessen-traeger","status":"publish","type":"post","link":"https:\/\/www.debuechi.ch\/blog\/2022\/06\/04\/es-dursten-an-und-wieder-an-alte-lieder-und-dessen-traeger\/","title":{"rendered":"Es dursten an und wieder an alte Lieder und dessen Tr\u00e4ger"},"content":{"rendered":"\n<figure class=\"wp-block-image size-large\"><img loading=\"lazy\" decoding=\"async\" width=\"1024\" height=\"578\" src=\"https:\/\/www.debuechi.ch\/blog\/wp-content\/uploads\/2022\/06\/IMG_7220-1024x578.jpg\" alt=\"\" class=\"wp-image-20656\" srcset=\"https:\/\/www.debuechi.ch\/blog\/wp-content\/uploads\/2022\/06\/IMG_7220-1024x578.jpg 1024w, https:\/\/www.debuechi.ch\/blog\/wp-content\/uploads\/2022\/06\/IMG_7220-444x251.jpg 444w, https:\/\/www.debuechi.ch\/blog\/wp-content\/uploads\/2022\/06\/IMG_7220-768x433.jpg 768w, https:\/\/www.debuechi.ch\/blog\/wp-content\/uploads\/2022\/06\/IMG_7220-1536x867.jpg 1536w, https:\/\/www.debuechi.ch\/blog\/wp-content\/uploads\/2022\/06\/IMG_7220-2048x1155.jpg 2048w, https:\/\/www.debuechi.ch\/blog\/wp-content\/uploads\/2022\/06\/IMG_7220-500x282.jpg 500w\" sizes=\"auto, (max-width: 1024px) 100vw, 1024px\" \/><\/figure>\n\n\n\n<p class=\"has-text-align-center\">Hallo liebe debuechi Community<\/p>\n\n\n\n<p class=\"has-text-align-center\">Seit einigen Tagen finde ich wieder Gefallen daran, eine CD zu feiern. Wom\u00f6glich hat da mein Vater und mein Bruder etwas damit zu schaffen. Diese feiern seit einiger Zeit ein pers\u00f6nliches COME BACK von Schallplatten. Ich wiederum wende mich gerne an meine CD`s wenn es um Musik auf &#8222;OldsCOOL&#8220; Basis geht. <\/p>\n\n\n\n<p class=\"has-text-align-center\">Auf dem Bild sieht Ihr die Musik Anlage meines verstorbenen Grossvaters. Die Anlage durfte ich meiner Grossmutter &#8222;abkaufen&#8220; und somit ist die Nostalgie noch gr\u00f6sser! Das Ger\u00e4usch eines CD Players. Das freche h\u00fcpfen einer sehr verkratzen Oberfl\u00e4che oder wenn der Laser seine Funktion aufnimmt und es klingt nach &#8222;Laser Abtastung&#8220;. Einfach sch\u00f6n :-)! <\/p>\n\n\n\n<p class=\"has-text-align-center\">Liebe Gr\u00fcsse der nostalgische B\u00fcchi =)<\/p>\n","protected":false},"excerpt":{"rendered":"<p>Hallo liebe debuechi Community Seit einigen Tagen finde ich wieder Gefallen daran, eine CD zu feiern. Wom\u00f6glich hat da mein Vater und mein Bruder etwas damit zu schaffen. Diese feiern seit einiger Zeit ein pers\u00f6nliches COME BACK von Schallplatten. Ich &hellip; <a href=\"https:\/\/www.debuechi.ch\/blog\/2022\/06\/04\/es-dursten-an-und-wieder-an-alte-lieder-und-dessen-traeger\/\">Weiterlesen <span class=\"meta-nav\">&rarr;<\/span><\/a><\/p>\n","protected":false},"author":2,"featured_media":0,"comment_status":"open","ping_status":"open","sticky":false,"template":"","format":"standard","meta":{"footnotes":"","_links_to":"","_links_to_target":""},"categories":[1],"tags":[],"class_list":["post-20655","post","type-post","status-publish","format-standard","hentry","category-allgemeines"],"_links":{"self":[{"href":"https:\/\/www.debuechi.ch\/blog\/wp-json\/wp\/v2\/posts\/20655","targetHints":{"allow":["GET"]}}],"collection":[{"href":"https:\/\/www.debuechi.ch\/blog\/wp-json\/wp\/v2\/posts"}],"about":[{"href":"https:\/\/www.debuechi.ch\/blog\/wp-json\/wp\/v2\/types\/post"}],"author":[{"embeddable":true,"href":"https:\/\/www.debuechi.ch\/blog\/wp-json\/wp\/v2\/users\/2"}],"replies":[{"embeddable":true,"href":"https:\/\/www.debuechi.ch\/blog\/wp-json\/wp\/v2\/comments?post=20655"}],"version-history":[{"count":3,"href":"https:\/\/www.debuechi.ch\/blog\/wp-json\/wp\/v2\/posts\/20655\/revisions"}],"predecessor-version":[{"id":20659,"href":"https:\/\/www.debuechi.ch\/blog\/wp-json\/wp\/v2\/posts\/20655\/revisions\/20659"}],"wp:attachment":[{"href":"https:\/\/www.debuechi.ch\/blog\/wp-json\/wp\/v2\/media?parent=20655"}],"wp:term":[{"taxonomy":"category","embeddable":true,"href":"https:\/\/www.debuechi.ch\/blog\/wp-json\/wp\/v2\/categories?post=20655"},{"taxonomy":"post_tag","embeddable":true,"href":"https:\/\/www.debuechi.ch\/blog\/wp-json\/wp\/v2\/tags?post=20655"}],"curies":[{"name":"wp","href":"https:\/\/api.w.org\/{rel}","templated":true}]}}