{"id":20678,"date":"2022-07-01T13:17:39","date_gmt":"2022-07-01T11:17:39","guid":{"rendered":"https:\/\/www.debuechi.ch\/blog\/?p=20678"},"modified":"2022-07-01T13:18:37","modified_gmt":"2022-07-01T11:18:37","slug":"ich-sag-dan-mal-bye-bye-jetzt-sind-ferien","status":"publish","type":"post","link":"https:\/\/www.debuechi.ch\/blog\/2022\/07\/01\/ich-sag-dan-mal-bye-bye-jetzt-sind-ferien\/","title":{"rendered":"Ich sag dann mal: bye bye jetzt sind Ferien"},"content":{"rendered":"<div class=\"wp-block-image\">\n<figure class=\"aligncenter size-full is-resized\"><img loading=\"lazy\" decoding=\"async\" src=\"https:\/\/www.debuechi.ch\/blog\/wp-content\/uploads\/2022\/07\/c247d8a9-02c7-4fcb-9026-afb1faa9e137.jpg\" alt=\"\" class=\"wp-image-20679\" width=\"431\" height=\"576\" srcset=\"https:\/\/www.debuechi.ch\/blog\/wp-content\/uploads\/2022\/07\/c247d8a9-02c7-4fcb-9026-afb1faa9e137.jpg 768w, https:\/\/www.debuechi.ch\/blog\/wp-content\/uploads\/2022\/07\/c247d8a9-02c7-4fcb-9026-afb1faa9e137-444x592.jpg 444w, https:\/\/www.debuechi.ch\/blog\/wp-content\/uploads\/2022\/07\/c247d8a9-02c7-4fcb-9026-afb1faa9e137-225x300.jpg 225w\" sizes=\"auto, (max-width: 431px) 100vw, 431px\" \/><\/figure><\/div>\n\n\n<div class=\"wp-block-group is-content-justification-right is-nowrap is-layout-flex wp-container-core-group-is-layout-2 wp-block-group-is-layout-flex\">\n<div class=\"wp-block-group\"><div class=\"wp-block-group__inner-container is-layout-flow wp-block-group-is-layout-flow\">\n<p>Hallo liebe debuechi Community<\/p>\n\n\n\n<p class=\"has-text-align-center\">Jetzt ist es soweit bei mir geht die Ferienzeit los. Leider mit Erk\u00e4ltung und das wie immer wenn man die Ferien oder wie man auch sagt: &#8222;Wenn der K\u00f6rper herunterfahren kann.&#8220; Wird man krank&#8230;.<\/p>\n<\/div><\/div>\n\n\n\n<p><\/p>\n<\/div>\n\n\n\n<p>Ich lasse bald wieder was von mir h\u00f6ren. Liebe Gr\u00fcsse de B\u00fcchi.<\/p>\n","protected":false},"excerpt":{"rendered":"<p>Hallo liebe debuechi Community Jetzt ist es soweit bei mir geht die Ferienzeit los. Leider mit Erk\u00e4ltung und das wie immer wenn man die Ferien oder wie man auch sagt: &#8222;Wenn der K\u00f6rper herunterfahren kann.&#8220; Wird man krank&#8230;. Ich lasse &hellip; <a href=\"https:\/\/www.debuechi.ch\/blog\/2022\/07\/01\/ich-sag-dan-mal-bye-bye-jetzt-sind-ferien\/\">Weiterlesen <span class=\"meta-nav\">&rarr;<\/span><\/a><\/p>\n","protected":false},"author":2,"featured_media":0,"comment_status":"open","ping_status":"open","sticky":false,"template":"","format":"standard","meta":{"footnotes":"","_links_to":"","_links_to_target":""},"categories":[1],"tags":[],"class_list":["post-20678","post","type-post","status-publish","format-standard","hentry","category-allgemeines"],"_links":{"self":[{"href":"https:\/\/www.debuechi.ch\/blog\/wp-json\/wp\/v2\/posts\/20678","targetHints":{"allow":["GET"]}}],"collection":[{"href":"https:\/\/www.debuechi.ch\/blog\/wp-json\/wp\/v2\/posts"}],"about":[{"href":"https:\/\/www.debuechi.ch\/blog\/wp-json\/wp\/v2\/types\/post"}],"author":[{"embeddable":true,"href":"https:\/\/www.debuechi.ch\/blog\/wp-json\/wp\/v2\/users\/2"}],"replies":[{"embeddable":true,"href":"https:\/\/www.debuechi.ch\/blog\/wp-json\/wp\/v2\/comments?post=20678"}],"version-history":[{"count":4,"href":"https:\/\/www.debuechi.ch\/blog\/wp-json\/wp\/v2\/posts\/20678\/revisions"}],"predecessor-version":[{"id":20683,"href":"https:\/\/www.debuechi.ch\/blog\/wp-json\/wp\/v2\/posts\/20678\/revisions\/20683"}],"wp:attachment":[{"href":"https:\/\/www.debuechi.ch\/blog\/wp-json\/wp\/v2\/media?parent=20678"}],"wp:term":[{"taxonomy":"category","embeddable":true,"href":"https:\/\/www.debuechi.ch\/blog\/wp-json\/wp\/v2\/categories?post=20678"},{"taxonomy":"post_tag","embeddable":true,"href":"https:\/\/www.debuechi.ch\/blog\/wp-json\/wp\/v2\/tags?post=20678"}],"curies":[{"name":"wp","href":"https:\/\/api.w.org\/{rel}","templated":true}]}}