{"id":20689,"date":"2022-07-17T11:59:10","date_gmt":"2022-07-17T09:59:10","guid":{"rendered":"https:\/\/www.debuechi.ch\/blog\/?p=20689"},"modified":"2022-07-17T12:08:25","modified_gmt":"2022-07-17T10:08:25","slug":"wieder-ist-der-urlaub-vorbei","status":"publish","type":"post","link":"https:\/\/www.debuechi.ch\/blog\/2022\/07\/17\/wieder-ist-der-urlaub-vorbei\/","title":{"rendered":"Wieder ist der Urlaub vorbei"},"content":{"rendered":"\n<figure class=\"wp-block-image size-large\"><img loading=\"lazy\" decoding=\"async\" width=\"767\" height=\"1024\" src=\"https:\/\/www.debuechi.ch\/blog\/wp-content\/uploads\/2022\/07\/moniandmejuli2022-767x1024.jpg\" alt=\"\" class=\"wp-image-20700\" srcset=\"https:\/\/www.debuechi.ch\/blog\/wp-content\/uploads\/2022\/07\/moniandmejuli2022-767x1024.jpg 767w, https:\/\/www.debuechi.ch\/blog\/wp-content\/uploads\/2022\/07\/moniandmejuli2022-444x593.jpg 444w, https:\/\/www.debuechi.ch\/blog\/wp-content\/uploads\/2022\/07\/moniandmejuli2022-768x1025.jpg 768w, https:\/\/www.debuechi.ch\/blog\/wp-content\/uploads\/2022\/07\/moniandmejuli2022-1151x1536.jpg 1151w, https:\/\/www.debuechi.ch\/blog\/wp-content\/uploads\/2022\/07\/moniandmejuli2022-1534x2048.jpg 1534w, https:\/\/www.debuechi.ch\/blog\/wp-content\/uploads\/2022\/07\/moniandmejuli2022-225x300.jpg 225w, https:\/\/www.debuechi.ch\/blog\/wp-content\/uploads\/2022\/07\/moniandmejuli2022.jpg 1834w\" sizes=\"auto, (max-width: 767px) 100vw, 767px\" \/><\/figure>\n\n\n\n<p class=\"has-text-align-center\"><strong>Hallo liebe debuechi Community<\/strong><\/p>\n\n\n\n<p class=\"has-text-align-center\">Wie immer geht der Urlaub einmal wieder vorbei. Das waren aufregende Ferien, nebst einer Hochzeit die ich Filmtechnisch Begleiten durfte fand ich auch Zeit mit der Familie einige Ausfl\u00fcge zu t\u00e4tigen. Auch in der Schweiz haben wir seht sch\u00f6ne Pl\u00e4tze. Ah und meinen Geburtstag war da auch noch.<\/p>\n\n\n\n<p>Liebe Gr\u00fcsse de B\u00fcchi <\/p>\n\n\n\n<p>ps, alle die noch Ferien haben habt eine sch\u00f6ne Zeit :-)!<\/p>\n","protected":false},"excerpt":{"rendered":"<p>Hallo liebe debuechi Community Wie immer geht der Urlaub einmal wieder vorbei. Das waren aufregende Ferien, nebst einer Hochzeit die ich Filmtechnisch Begleiten durfte fand ich auch Zeit mit der Familie einige Ausfl\u00fcge zu t\u00e4tigen. Auch in der Schweiz haben &hellip; <a href=\"https:\/\/www.debuechi.ch\/blog\/2022\/07\/17\/wieder-ist-der-urlaub-vorbei\/\">Weiterlesen <span class=\"meta-nav\">&rarr;<\/span><\/a><\/p>\n","protected":false},"author":2,"featured_media":0,"comment_status":"open","ping_status":"open","sticky":false,"template":"","format":"standard","meta":{"footnotes":"","_links_to":"","_links_to_target":""},"categories":[1],"tags":[],"class_list":["post-20689","post","type-post","status-publish","format-standard","hentry","category-allgemeines"],"_links":{"self":[{"href":"https:\/\/www.debuechi.ch\/blog\/wp-json\/wp\/v2\/posts\/20689","targetHints":{"allow":["GET"]}}],"collection":[{"href":"https:\/\/www.debuechi.ch\/blog\/wp-json\/wp\/v2\/posts"}],"about":[{"href":"https:\/\/www.debuechi.ch\/blog\/wp-json\/wp\/v2\/types\/post"}],"author":[{"embeddable":true,"href":"https:\/\/www.debuechi.ch\/blog\/wp-json\/wp\/v2\/users\/2"}],"replies":[{"embeddable":true,"href":"https:\/\/www.debuechi.ch\/blog\/wp-json\/wp\/v2\/comments?post=20689"}],"version-history":[{"count":6,"href":"https:\/\/www.debuechi.ch\/blog\/wp-json\/wp\/v2\/posts\/20689\/revisions"}],"predecessor-version":[{"id":20701,"href":"https:\/\/www.debuechi.ch\/blog\/wp-json\/wp\/v2\/posts\/20689\/revisions\/20701"}],"wp:attachment":[{"href":"https:\/\/www.debuechi.ch\/blog\/wp-json\/wp\/v2\/media?parent=20689"}],"wp:term":[{"taxonomy":"category","embeddable":true,"href":"https:\/\/www.debuechi.ch\/blog\/wp-json\/wp\/v2\/categories?post=20689"},{"taxonomy":"post_tag","embeddable":true,"href":"https:\/\/www.debuechi.ch\/blog\/wp-json\/wp\/v2\/tags?post=20689"}],"curies":[{"name":"wp","href":"https:\/\/api.w.org\/{rel}","templated":true}]}}