{"id":22081,"date":"2025-07-05T19:31:00","date_gmt":"2025-07-05T17:31:00","guid":{"rendered":"https:\/\/www.debuechi.ch\/blog\/?p=22081"},"modified":"2025-07-05T15:15:48","modified_gmt":"2025-07-05T13:15:48","slug":"k-i-album-1","status":"publish","type":"post","link":"https:\/\/www.debuechi.ch\/blog\/2025\/07\/05\/k-i-album-1\/","title":{"rendered":"K.I Album 1."},"content":{"rendered":"\n<figure class=\"wp-block-image size-large\"><img loading=\"lazy\" decoding=\"async\" width=\"1024\" height=\"1024\" src=\"https:\/\/www.debuechi.ch\/blog\/wp-content\/uploads\/2025\/05\/1-1024x1024.jpg\" alt=\"\" class=\"wp-image-21919\" srcset=\"https:\/\/www.debuechi.ch\/blog\/wp-content\/uploads\/2025\/05\/1-1024x1024.jpg 1024w, https:\/\/www.debuechi.ch\/blog\/wp-content\/uploads\/2025\/05\/1-444x444.jpg 444w, https:\/\/www.debuechi.ch\/blog\/wp-content\/uploads\/2025\/05\/1-150x150.jpg 150w, https:\/\/www.debuechi.ch\/blog\/wp-content\/uploads\/2025\/05\/1-768x768.jpg 768w, https:\/\/www.debuechi.ch\/blog\/wp-content\/uploads\/2025\/05\/1-300x300.jpg 300w, https:\/\/www.debuechi.ch\/blog\/wp-content\/uploads\/2025\/05\/1.jpg 1080w\" sizes=\"auto, (max-width: 1024px) 100vw, 1024px\" \/><\/figure>\n\n\n\n<p><\/p>\n\n\n\n<p><strong>01: K\u00fcnstliche Intelligenz 2.0<\/strong><\/p>\n\n\n\n<figure class=\"wp-block-embed is-type-rich is-provider-handler-einbetten wp-block-embed-handler-einbetten\"><div class=\"wp-block-embed__wrapper\">\n<!--[if lt IE 9]><script>document.createElement('audio');<\/script><![endif]-->\n<audio class=\"wp-audio-shortcode\" id=\"audio-22081-1\" preload=\"none\" style=\"width: 100%;\" controls=\"controls\"><source type=\"audio\/mpeg\" src=\"https:\/\/www.debuechi.ch\/blog\/wp-content\/uploads\/2025\/05\/01-Kuenstliche-Intelligenz-2.0.m4a?_=1\" \/><a href=\"https:\/\/www.debuechi.ch\/blog\/wp-content\/uploads\/2025\/05\/01-Kuenstliche-Intelligenz-2.0.m4a\">https:\/\/www.debuechi.ch\/blog\/wp-content\/uploads\/2025\/05\/01-Kuenstliche-Intelligenz-2.0.m4a<\/a><\/audio>\n<\/div><\/figure>\n\n\n\n<p><\/p>\n\n\n\n<p><strong>02: Beats of the Heart<\/strong><\/p>\n\n\n\n<figure class=\"wp-block-embed is-type-rich is-provider-handler-einbetten wp-block-embed-handler-einbetten\"><div class=\"wp-block-embed__wrapper\">\n<audio class=\"wp-audio-shortcode\" id=\"audio-22081-2\" preload=\"none\" style=\"width: 100%;\" controls=\"controls\"><source type=\"audio\/mpeg\" src=\"https:\/\/www.debuechi.ch\/blog\/wp-content\/uploads\/2025\/05\/02-Beats-of-the-Heart.m4a?_=2\" \/><a href=\"https:\/\/www.debuechi.ch\/blog\/wp-content\/uploads\/2025\/05\/02-Beats-of-the-Heart.m4a\">https:\/\/www.debuechi.ch\/blog\/wp-content\/uploads\/2025\/05\/02-Beats-of-the-Heart.m4a<\/a><\/audio>\n<\/div><\/figure>\n\n\n\n<p><\/p>\n\n\n\n<p><strong>03: Neunziger Jahre Vibes<\/strong><\/p>\n\n\n\n<figure class=\"wp-block-embed is-type-rich is-provider-handler-einbetten wp-block-embed-handler-einbetten\"><div class=\"wp-block-embed__wrapper\">\n<audio class=\"wp-audio-shortcode\" id=\"audio-22081-3\" preload=\"none\" style=\"width: 100%;\" controls=\"controls\"><source type=\"audio\/mpeg\" src=\"https:\/\/www.debuechi.ch\/blog\/wp-content\/uploads\/2025\/05\/03-Neunziger-Jahre-Vibes.m4a?_=3\" \/><a href=\"https:\/\/www.debuechi.ch\/blog\/wp-content\/uploads\/2025\/05\/03-Neunziger-Jahre-Vibes.m4a\">https:\/\/www.debuechi.ch\/blog\/wp-content\/uploads\/2025\/05\/03-Neunziger-Jahre-Vibes.m4a<\/a><\/audio>\n<\/div><\/figure>\n\n\n\n<p><\/p>\n\n\n\n<p><strong>04: Trance Track 87<\/strong><\/p>\n\n\n\n<figure class=\"wp-block-embed is-type-rich is-provider-handler-einbetten wp-block-embed-handler-einbetten\"><div class=\"wp-block-embed__wrapper\">\n<audio class=\"wp-audio-shortcode\" id=\"audio-22081-4\" preload=\"none\" style=\"width: 100%;\" controls=\"controls\"><source type=\"audio\/mpeg\" src=\"https:\/\/www.debuechi.ch\/blog\/wp-content\/uploads\/2025\/05\/04-Trance-Track-87.m4a?_=4\" \/><a href=\"https:\/\/www.debuechi.ch\/blog\/wp-content\/uploads\/2025\/05\/04-Trance-Track-87.m4a\">https:\/\/www.debuechi.ch\/blog\/wp-content\/uploads\/2025\/05\/04-Trance-Track-87.m4a<\/a><\/audio>\n<\/div><\/figure>\n\n\n\n<p><\/p>\n\n\n\n<p><strong>05: Sonnenuntergang&#8217;s Fest<\/strong><\/p>\n\n\n\n<figure class=\"wp-block-embed is-type-rich is-provider-handler-einbetten wp-block-embed-handler-einbetten\"><div class=\"wp-block-embed__wrapper\">\n<audio class=\"wp-audio-shortcode\" id=\"audio-22081-5\" preload=\"none\" style=\"width: 100%;\" controls=\"controls\"><source type=\"audio\/mpeg\" src=\"https:\/\/www.debuechi.ch\/blog\/wp-content\/uploads\/2025\/05\/05-Sonnenuntergangs-Fest.m4a?_=5\" \/><a href=\"https:\/\/www.debuechi.ch\/blog\/wp-content\/uploads\/2025\/05\/05-Sonnenuntergangs-Fest.m4a\">https:\/\/www.debuechi.ch\/blog\/wp-content\/uploads\/2025\/05\/05-Sonnenuntergangs-Fest.m4a<\/a><\/audio>\n<\/div><\/figure>\n\n\n\n<p><\/p>\n\n\n\n<p><strong>06: Freiheit auf zwei R\u00e4dern<\/strong><\/p>\n\n\n\n<figure class=\"wp-block-embed is-type-rich is-provider-handler-einbetten wp-block-embed-handler-einbetten\"><div class=\"wp-block-embed__wrapper\">\n<audio class=\"wp-audio-shortcode\" id=\"audio-22081-6\" preload=\"none\" style=\"width: 100%;\" controls=\"controls\"><source type=\"audio\/mpeg\" src=\"https:\/\/www.debuechi.ch\/blog\/wp-content\/uploads\/2025\/05\/06-Freiheit-auf-zwei-Raedern-4k.m4a?_=6\" \/><a href=\"https:\/\/www.debuechi.ch\/blog\/wp-content\/uploads\/2025\/05\/06-Freiheit-auf-zwei-Raedern-4k.m4a\">https:\/\/www.debuechi.ch\/blog\/wp-content\/uploads\/2025\/05\/06-Freiheit-auf-zwei-Raedern-4k.m4a<\/a><\/audio>\n<\/div><\/figure>\n\n\n\n<p><\/p>\n\n\n\n<p><strong>07: G\u00e4nsebl\u00fcmchen<\/strong><\/p>\n\n\n\n<figure class=\"wp-block-embed is-type-rich is-provider-handler-einbetten wp-block-embed-handler-einbetten\"><div class=\"wp-block-embed__wrapper\">\n<audio class=\"wp-audio-shortcode\" id=\"audio-22081-7\" preload=\"none\" style=\"width: 100%;\" controls=\"controls\"><source type=\"audio\/mpeg\" src=\"https:\/\/www.debuechi.ch\/blog\/wp-content\/uploads\/2025\/05\/07-Gaensebluemchen.m4a?_=7\" \/><a href=\"https:\/\/www.debuechi.ch\/blog\/wp-content\/uploads\/2025\/05\/07-Gaensebluemchen.m4a\">https:\/\/www.debuechi.ch\/blog\/wp-content\/uploads\/2025\/05\/07-Gaensebluemchen.m4a<\/a><\/audio>\n<\/div><\/figure>\n\n\n\n<p><\/p>\n\n\n\n<p><strong>08: Wir sind Tuner, keine Raser<\/strong><\/p>\n\n\n\n<figure class=\"wp-block-embed is-type-rich is-provider-handler-einbetten wp-block-embed-handler-einbetten\"><div class=\"wp-block-embed__wrapper\">\n<audio class=\"wp-audio-shortcode\" id=\"audio-22081-8\" preload=\"none\" style=\"width: 100%;\" controls=\"controls\"><source type=\"audio\/mpeg\" src=\"https:\/\/www.debuechi.ch\/blog\/wp-content\/uploads\/2025\/05\/08-Wir-sind-Tuner-keine-Raser.m4a?_=8\" \/><a href=\"https:\/\/www.debuechi.ch\/blog\/wp-content\/uploads\/2025\/05\/08-Wir-sind-Tuner-keine-Raser.m4a\">https:\/\/www.debuechi.ch\/blog\/wp-content\/uploads\/2025\/05\/08-Wir-sind-Tuner-keine-Raser.m4a<\/a><\/audio>\n<\/div><\/figure>\n\n\n\n<p><\/p>\n\n\n\n<p><strong>09: Freiheit in jedem Meter<\/strong><\/p>\n\n\n\n<figure class=\"wp-block-embed is-type-rich is-provider-handler-einbetten wp-block-embed-handler-einbetten\"><div class=\"wp-block-embed__wrapper\">\n<audio class=\"wp-audio-shortcode\" id=\"audio-22081-9\" preload=\"none\" style=\"width: 100%;\" controls=\"controls\"><source type=\"audio\/mpeg\" src=\"https:\/\/www.debuechi.ch\/blog\/wp-content\/uploads\/2025\/05\/09-Freiheit-in-jedem-Meter.m4a?_=9\" \/><a href=\"https:\/\/www.debuechi.ch\/blog\/wp-content\/uploads\/2025\/05\/09-Freiheit-in-jedem-Meter.m4a\">https:\/\/www.debuechi.ch\/blog\/wp-content\/uploads\/2025\/05\/09-Freiheit-in-jedem-Meter.m4a<\/a><\/audio>\n<\/div><\/figure>\n\n\n\n<p><strong>10: Ein Wochenende im Sommer 2025<\/strong><\/p>\n\n\n\n<figure class=\"wp-block-embed is-type-rich is-provider-handler-einbetten wp-block-embed-handler-einbetten\"><div class=\"wp-block-embed__wrapper\">\n<audio class=\"wp-audio-shortcode\" id=\"audio-22081-10\" preload=\"none\" style=\"width: 100%;\" controls=\"controls\"><source type=\"audio\/mpeg\" src=\"https:\/\/www.debuechi.ch\/blog\/wp-content\/uploads\/2025\/05\/Ein-Wochenende-im-Sommer-2025.mp3?_=10\" \/><a href=\"https:\/\/www.debuechi.ch\/blog\/wp-content\/uploads\/2025\/05\/Ein-Wochenende-im-Sommer-2025.mp3\">https:\/\/www.debuechi.ch\/blog\/wp-content\/uploads\/2025\/05\/Ein-Wochenende-im-Sommer-2025.mp3<\/a><\/audio>\n<\/div><\/figure>\n\n\n\n<p><strong>11: Happy Car Freitag (VW K\u00e4fer)<\/strong><\/p>\n\n\n\n<figure class=\"wp-block-embed is-type-rich is-provider-handler-einbetten wp-block-embed-handler-einbetten\"><div class=\"wp-block-embed__wrapper\">\n<audio class=\"wp-audio-shortcode\" id=\"audio-22081-11\" preload=\"none\" style=\"width: 100%;\" controls=\"controls\"><source type=\"audio\/mpeg\" src=\"https:\/\/www.debuechi.ch\/blog\/wp-content\/uploads\/2025\/05\/10-Happy-Car-Freitag-VW-Kaefer.m4a?_=11\" \/><a href=\"https:\/\/www.debuechi.ch\/blog\/wp-content\/uploads\/2025\/05\/10-Happy-Car-Freitag-VW-Kaefer.m4a\">https:\/\/www.debuechi.ch\/blog\/wp-content\/uploads\/2025\/05\/10-Happy-Car-Freitag-VW-Kaefer.m4a<\/a><\/audio>\n<\/div><\/figure>\n\n\n\n<p><\/p>\n\n\n\n<p><strong>12: <em>60 Jahre Cotra Autotranspo<\/em>rt<\/strong><\/p>\n\n\n\n<figure class=\"wp-block-embed is-type-rich is-provider-handler-einbetten wp-block-embed-handler-einbetten\"><div class=\"wp-block-embed__wrapper\">\n<audio class=\"wp-audio-shortcode\" id=\"audio-22081-12\" preload=\"none\" style=\"width: 100%;\" controls=\"controls\"><source type=\"audio\/mpeg\" src=\"https:\/\/www.debuechi.ch\/blog\/wp-content\/uploads\/2025\/05\/11-60-Jahre-Cotra.m4a?_=12\" \/><a href=\"https:\/\/www.debuechi.ch\/blog\/wp-content\/uploads\/2025\/05\/11-60-Jahre-Cotra.m4a\">https:\/\/www.debuechi.ch\/blog\/wp-content\/uploads\/2025\/05\/11-60-Jahre-Cotra.m4a<\/a><\/audio>\n<\/div><\/figure>\n\n\n\n<p><\/p>\n\n\n\n<p><strong>13: Dank Cartec, alles neu<\/strong><\/p>\n\n\n\n<figure class=\"wp-block-embed is-type-rich is-provider-handler-einbetten wp-block-embed-handler-einbetten\"><div class=\"wp-block-embed__wrapper\">\n<audio class=\"wp-audio-shortcode\" id=\"audio-22081-13\" preload=\"none\" style=\"width: 100%;\" controls=\"controls\"><source type=\"audio\/mpeg\" src=\"https:\/\/www.debuechi.ch\/blog\/wp-content\/uploads\/2025\/05\/12-Dank-Cartec-alles-neu.m4a?_=13\" \/><a href=\"https:\/\/www.debuechi.ch\/blog\/wp-content\/uploads\/2025\/05\/12-Dank-Cartec-alles-neu.m4a\">https:\/\/www.debuechi.ch\/blog\/wp-content\/uploads\/2025\/05\/12-Dank-Cartec-alles-neu.m4a<\/a><\/audio>\n<\/div><\/figure>\n\n\n\n<p><\/p>\n\n\n\n<p><strong>14: Weihnacht<\/strong><\/p>\n\n\n\n<figure class=\"wp-block-embed is-type-rich is-provider-handler-einbetten wp-block-embed-handler-einbetten\"><div class=\"wp-block-embed__wrapper\">\n<audio class=\"wp-audio-shortcode\" id=\"audio-22081-14\" preload=\"none\" style=\"width: 100%;\" controls=\"controls\"><source type=\"audio\/mpeg\" src=\"https:\/\/www.debuechi.ch\/blog\/wp-content\/uploads\/2025\/05\/13-Weihnacht.m4a?_=14\" \/><a href=\"https:\/\/www.debuechi.ch\/blog\/wp-content\/uploads\/2025\/05\/13-Weihnacht.m4a\">https:\/\/www.debuechi.ch\/blog\/wp-content\/uploads\/2025\/05\/13-Weihnacht.m4a<\/a><\/audio>\n<\/div><\/figure>\n\n\n\n<p><\/p>\n\n\n\n<p><strong>15: Danke f\u00fcr das Leben<\/strong><\/p>\n\n\n\n<figure class=\"wp-block-embed is-type-rich is-provider-handler-einbetten wp-block-embed-handler-einbetten\"><div class=\"wp-block-embed__wrapper\">\n<audio class=\"wp-audio-shortcode\" id=\"audio-22081-15\" preload=\"none\" style=\"width: 100%;\" controls=\"controls\"><source type=\"audio\/mpeg\" src=\"https:\/\/www.debuechi.ch\/blog\/wp-content\/uploads\/2025\/05\/14-Danke-fuer-das-Leben.m4a?_=15\" \/><a href=\"https:\/\/www.debuechi.ch\/blog\/wp-content\/uploads\/2025\/05\/14-Danke-fuer-das-Leben.m4a\">https:\/\/www.debuechi.ch\/blog\/wp-content\/uploads\/2025\/05\/14-Danke-fuer-das-Leben.m4a<\/a><\/audio>\n<\/div><\/figure>\n\n\n\n<p><\/p>\n\n\n\n<p><strong>16: La Ma\u00f1ana Brillante<\/strong><\/p>\n\n\n\n<figure class=\"wp-block-embed is-type-rich is-provider-handler-einbetten wp-block-embed-handler-einbetten\"><div class=\"wp-block-embed__wrapper\">\n<audio class=\"wp-audio-shortcode\" id=\"audio-22081-16\" preload=\"none\" style=\"width: 100%;\" controls=\"controls\"><source type=\"audio\/mpeg\" src=\"https:\/\/www.debuechi.ch\/blog\/wp-content\/uploads\/2025\/05\/15-La-Manana-Brillante.m4a?_=16\" \/><a href=\"https:\/\/www.debuechi.ch\/blog\/wp-content\/uploads\/2025\/05\/15-La-Manana-Brillante.m4a\">https:\/\/www.debuechi.ch\/blog\/wp-content\/uploads\/2025\/05\/15-La-Manana-Brillante.m4a<\/a><\/audio>\n<\/div><\/figure>\n\n\n\n<p><\/p>\n\n\n\n<p><strong>17: Leichtigkeit des seins<\/strong><\/p>\n\n\n\n<figure class=\"wp-block-embed is-type-rich is-provider-handler-einbetten wp-block-embed-handler-einbetten\"><div class=\"wp-block-embed__wrapper\">\n<audio class=\"wp-audio-shortcode\" id=\"audio-22081-17\" preload=\"none\" style=\"width: 100%;\" controls=\"controls\"><source type=\"audio\/mpeg\" src=\"https:\/\/www.debuechi.ch\/blog\/wp-content\/uploads\/2025\/05\/16-Leichtigkeit-des-seins.m4a?_=17\" \/><a href=\"https:\/\/www.debuechi.ch\/blog\/wp-content\/uploads\/2025\/05\/16-Leichtigkeit-des-seins.m4a\">https:\/\/www.debuechi.ch\/blog\/wp-content\/uploads\/2025\/05\/16-Leichtigkeit-des-seins.m4a<\/a><\/audio>\n<\/div><\/figure>\n\n\n\n<p><\/p>\n\n\n\n<p><strong>18: Aineles &amp; Naimad<\/strong><\/p>\n\n\n\n<figure class=\"wp-block-embed is-type-rich is-provider-handler-einbetten wp-block-embed-handler-einbetten\"><div class=\"wp-block-embed__wrapper\">\n<audio class=\"wp-audio-shortcode\" id=\"audio-22081-18\" preload=\"none\" style=\"width: 100%;\" controls=\"controls\"><source type=\"audio\/mpeg\" src=\"https:\/\/www.debuechi.ch\/blog\/wp-content\/uploads\/2025\/05\/17-Ailenes-Naimad.m4a?_=18\" \/><a href=\"https:\/\/www.debuechi.ch\/blog\/wp-content\/uploads\/2025\/05\/17-Ailenes-Naimad.m4a\">https:\/\/www.debuechi.ch\/blog\/wp-content\/uploads\/2025\/05\/17-Ailenes-Naimad.m4a<\/a><\/audio>\n<\/div><\/figure>\n\n\n\n<p><\/p>\n\n\n\n<p><strong>19: Panorama der Schweiz<\/strong><\/p>\n\n\n\n<figure class=\"wp-block-embed is-type-rich is-provider-handler-einbetten wp-block-embed-handler-einbetten\"><div class=\"wp-block-embed__wrapper\">\n<audio class=\"wp-audio-shortcode\" id=\"audio-22081-19\" preload=\"none\" style=\"width: 100%;\" controls=\"controls\"><source type=\"audio\/mpeg\" src=\"https:\/\/www.debuechi.ch\/blog\/wp-content\/uploads\/2025\/05\/18-Panorama-der-Schweiz.m4a?_=19\" \/><a href=\"https:\/\/www.debuechi.ch\/blog\/wp-content\/uploads\/2025\/05\/18-Panorama-der-Schweiz.m4a\">https:\/\/www.debuechi.ch\/blog\/wp-content\/uploads\/2025\/05\/18-Panorama-der-Schweiz.m4a<\/a><\/audio>\n<\/div><\/figure>\n\n\n\n<p><\/p>\n\n\n\n<p><strong>20: Schweizer Funktraum<\/strong><\/p>\n\n\n\n<figure class=\"wp-block-embed is-type-rich is-provider-handler-einbetten wp-block-embed-handler-einbetten\"><div class=\"wp-block-embed__wrapper\">\n<audio class=\"wp-audio-shortcode\" id=\"audio-22081-20\" preload=\"none\" style=\"width: 100%;\" controls=\"controls\"><source type=\"audio\/mpeg\" src=\"https:\/\/www.debuechi.ch\/blog\/wp-content\/uploads\/2025\/05\/19-Schweizer-Funktraum.m4a?_=20\" \/><a href=\"https:\/\/www.debuechi.ch\/blog\/wp-content\/uploads\/2025\/05\/19-Schweizer-Funktraum.m4a\">https:\/\/www.debuechi.ch\/blog\/wp-content\/uploads\/2025\/05\/19-Schweizer-Funktraum.m4a<\/a><\/audio>\n<\/div><\/figure>\n\n\n\n<p><\/p>\n\n\n\n<p><strong>21: K\u00fcnstliche Melodien<\/strong><\/p>\n\n\n\n<figure class=\"wp-block-embed is-type-rich is-provider-handler-einbetten wp-block-embed-handler-einbetten\"><div class=\"wp-block-embed__wrapper\">\n<audio class=\"wp-audio-shortcode\" id=\"audio-22081-21\" preload=\"none\" style=\"width: 100%;\" controls=\"controls\"><source type=\"audio\/mpeg\" src=\"https:\/\/www.debuechi.ch\/blog\/wp-content\/uploads\/2025\/05\/20-Kuenstliche-Melodien.m4a?_=21\" \/><a href=\"https:\/\/www.debuechi.ch\/blog\/wp-content\/uploads\/2025\/05\/20-Kuenstliche-Melodien.m4a\">https:\/\/www.debuechi.ch\/blog\/wp-content\/uploads\/2025\/05\/20-Kuenstliche-Melodien.m4a<\/a><\/audio>\n<\/div><\/figure>\n\n\n\n<p><\/p>\n\n\n\n<p><strong>22: OiO Fest der Erinnerung<\/strong><\/p>\n\n\n\n<figure class=\"wp-block-embed is-type-rich is-provider-handler-einbetten wp-block-embed-handler-einbetten\"><div class=\"wp-block-embed__wrapper\">\n<audio class=\"wp-audio-shortcode\" id=\"audio-22081-22\" preload=\"none\" style=\"width: 100%;\" controls=\"controls\"><source type=\"audio\/mpeg\" src=\"https:\/\/www.debuechi.ch\/blog\/wp-content\/uploads\/2025\/05\/21-OiO-Fest-der-Erinnerung.m4a?_=22\" \/><a href=\"https:\/\/www.debuechi.ch\/blog\/wp-content\/uploads\/2025\/05\/21-OiO-Fest-der-Erinnerung.m4a\">https:\/\/www.debuechi.ch\/blog\/wp-content\/uploads\/2025\/05\/21-OiO-Fest-der-Erinnerung.m4a<\/a><\/audio>\n<\/div><\/figure>\n\n\n\n<p><\/p>\n\n\n\n<p><strong>23: Tanz im D\u00e4mmerlich<\/strong><\/p>\n\n\n\n<figure class=\"wp-block-embed is-type-rich is-provider-handler-einbetten wp-block-embed-handler-einbetten\"><div class=\"wp-block-embed__wrapper\">\n<audio class=\"wp-audio-shortcode\" id=\"audio-22081-23\" preload=\"none\" style=\"width: 100%;\" controls=\"controls\"><source type=\"audio\/mpeg\" src=\"https:\/\/www.debuechi.ch\/blog\/wp-content\/uploads\/2025\/05\/22-Tanz-im-Daemmerlich.m4a?_=23\" \/><a href=\"https:\/\/www.debuechi.ch\/blog\/wp-content\/uploads\/2025\/05\/22-Tanz-im-Daemmerlich.m4a\">https:\/\/www.debuechi.ch\/blog\/wp-content\/uploads\/2025\/05\/22-Tanz-im-Daemmerlich.m4a<\/a><\/audio>\n<\/div><\/figure>\n\n\n\n<p><\/p>\n\n\n\n<p><strong>24: Rote Ampel<\/strong><\/p>\n\n\n\n<figure class=\"wp-block-embed is-type-rich is-provider-handler-einbetten wp-block-embed-handler-einbetten\"><div class=\"wp-block-embed__wrapper\">\n<audio class=\"wp-audio-shortcode\" id=\"audio-22081-24\" preload=\"none\" style=\"width: 100%;\" controls=\"controls\"><source type=\"audio\/mpeg\" src=\"https:\/\/www.debuechi.ch\/blog\/wp-content\/uploads\/2025\/05\/23-Rote-Ampel.m4a?_=24\" \/><a href=\"https:\/\/www.debuechi.ch\/blog\/wp-content\/uploads\/2025\/05\/23-Rote-Ampel.m4a\">https:\/\/www.debuechi.ch\/blog\/wp-content\/uploads\/2025\/05\/23-Rote-Ampel.m4a<\/a><\/audio>\n<\/div><\/figure>\n\n\n\n<p><strong>25: Schall der Meinung<\/strong><\/p>\n\n\n\n<figure class=\"wp-block-embed is-type-rich is-provider-handler-einbetten wp-block-embed-handler-einbetten\"><div class=\"wp-block-embed__wrapper\">\n<audio class=\"wp-audio-shortcode\" id=\"audio-22081-25\" preload=\"none\" style=\"width: 100%;\" controls=\"controls\"><source type=\"audio\/mpeg\" src=\"https:\/\/www.debuechi.ch\/blog\/wp-content\/uploads\/2025\/05\/Schall-der-Meinung.mp3?_=25\" \/><a href=\"https:\/\/www.debuechi.ch\/blog\/wp-content\/uploads\/2025\/05\/Schall-der-Meinung.mp3\">https:\/\/www.debuechi.ch\/blog\/wp-content\/uploads\/2025\/05\/Schall-der-Meinung.mp3<\/a><\/audio>\n<\/div><\/figure>\n\n\n\n<p><strong>26: Bitte Sei Meine Queen<\/strong> <\/p>\n\n\n\n<figure class=\"wp-block-embed is-type-rich is-provider-handler-einbetten wp-block-embed-handler-einbetten\"><div class=\"wp-block-embed__wrapper\">\n<audio class=\"wp-audio-shortcode\" id=\"audio-22081-26\" preload=\"none\" style=\"width: 100%;\" controls=\"controls\"><source type=\"audio\/mpeg\" src=\"https:\/\/www.debuechi.ch\/blog\/wp-content\/uploads\/2025\/05\/Bitte-Sei-Meine-Queen.mp3?_=26\" \/><a href=\"https:\/\/www.debuechi.ch\/blog\/wp-content\/uploads\/2025\/05\/Bitte-Sei-Meine-Queen.mp3\">https:\/\/www.debuechi.ch\/blog\/wp-content\/uploads\/2025\/05\/Bitte-Sei-Meine-Queen.mp3<\/a><\/audio>\n<\/div><\/figure>\n\n\n\n<p><strong>27. 70 Jahre Fussball Club Mellingen<\/strong><\/p>\n\n\n\n<figure class=\"wp-block-embed is-type-rich is-provider-handler-einbetten wp-block-embed-handler-einbetten\"><div class=\"wp-block-embed__wrapper\">\n<audio class=\"wp-audio-shortcode\" id=\"audio-22081-27\" preload=\"none\" style=\"width: 100%;\" controls=\"controls\"><source type=\"audio\/mpeg\" src=\"https:\/\/www.debuechi.ch\/blog\/wp-content\/uploads\/2025\/06\/70-Jahre-Fussball-Club-Mellingen.mp3?_=27\" \/><a href=\"https:\/\/www.debuechi.ch\/blog\/wp-content\/uploads\/2025\/06\/70-Jahre-Fussball-Club-Mellingen.mp3\">https:\/\/www.debuechi.ch\/blog\/wp-content\/uploads\/2025\/06\/70-Jahre-Fussball-Club-Mellingen.mp3<\/a><\/audio>\n<\/div><\/figure>\n\n\n\n<p><strong>28. Hoch die Gl\u00e4ser (60 Jahre Cotra Autotransport Bonus Song)<\/strong><\/p>\n\n\n\n<figure class=\"wp-block-embed is-type-rich is-provider-handler-einbetten wp-block-embed-handler-einbetten\"><div class=\"wp-block-embed__wrapper\">\n<audio class=\"wp-audio-shortcode\" id=\"audio-22081-28\" preload=\"none\" style=\"width: 100%;\" controls=\"controls\"><source type=\"audio\/mpeg\" src=\"https:\/\/www.debuechi.ch\/blog\/wp-content\/uploads\/2025\/07\/Hoch-die-Glaeser-60-Jahre-Cotra.mp3?_=28\" \/><a href=\"https:\/\/www.debuechi.ch\/blog\/wp-content\/uploads\/2025\/07\/Hoch-die-Glaeser-60-Jahre-Cotra.mp3\">https:\/\/www.debuechi.ch\/blog\/wp-content\/uploads\/2025\/07\/Hoch-die-Glaeser-60-Jahre-Cotra.mp3<\/a><\/audio>\n<\/div><\/figure>\n\n\n\n<p><strong>29. Glamping Blues<\/strong><\/p>\n\n\n\n<figure class=\"wp-block-embed is-type-rich is-provider-handler-einbetten wp-block-embed-handler-einbetten\"><div class=\"wp-block-embed__wrapper\">\n<audio class=\"wp-audio-shortcode\" id=\"audio-22081-29\" preload=\"none\" style=\"width: 100%;\" controls=\"controls\"><source type=\"audio\/mpeg\" src=\"https:\/\/www.debuechi.ch\/blog\/wp-content\/uploads\/2025\/07\/Glamping-Blues.mp3?_=29\" \/><a href=\"https:\/\/www.debuechi.ch\/blog\/wp-content\/uploads\/2025\/07\/Glamping-Blues.mp3\">https:\/\/www.debuechi.ch\/blog\/wp-content\/uploads\/2025\/07\/Glamping-Blues.mp3<\/a><\/audio>\n<\/div><\/figure>\n\n\n\n<p><strong>30. K\u00fcnstliche Herzen<\/strong><\/p>\n\n\n\n<figure class=\"wp-block-embed is-type-rich is-provider-handler-einbetten wp-block-embed-handler-einbetten\"><div class=\"wp-block-embed__wrapper\">\n<audio class=\"wp-audio-shortcode\" id=\"audio-22081-30\" preload=\"none\" style=\"width: 100%;\" controls=\"controls\"><source type=\"audio\/mpeg\" src=\"https:\/\/www.debuechi.ch\/blog\/wp-content\/uploads\/2025\/07\/Kuenstliche-Herzen.mp3?_=30\" \/><a href=\"https:\/\/www.debuechi.ch\/blog\/wp-content\/uploads\/2025\/07\/Kuenstliche-Herzen.mp3\">https:\/\/www.debuechi.ch\/blog\/wp-content\/uploads\/2025\/07\/Kuenstliche-Herzen.mp3<\/a><\/audio>\n<\/div><\/figure>\n\n\n\n<p class=\"has-text-align-center\"><strong><em>Das ist mein erstes K.I (K\u00fcnstliche Intelligenz) Album. gemacht mit zwei K.I Programmen. Zum einen, <\/em>djAI<em> und <\/em>Donna AI Music<em>. Die Lieder wurden von einer K.I gemacht. Dienstleistung der K.I habe ich mit Geld bezahlt. <\/em><\/strong><\/p>\n\n\n\n<p class=\"has-text-align-center\"><strong><em>Made by: debuechi.ch<\/em><\/strong>.<\/p>\n\n\n\n<p class=\"has-text-align-center\"><strong><em> Ich w\u00fcnsche euch viel Freude beim h\u00f6ren. Liebe Gr\u00fcsse de B\u00fcchi.<\/em><\/strong><\/p>\n","protected":false},"excerpt":{"rendered":"<p>01: K\u00fcnstliche Intelligenz 2.0 02: Beats of the Heart 03: Neunziger Jahre Vibes 04: Trance Track 87 05: Sonnenuntergang&#8217;s Fest 06: Freiheit auf zwei R\u00e4dern 07: G\u00e4nsebl\u00fcmchen 08: Wir sind Tuner, keine Raser 09: Freiheit in jedem Meter 10: Ein &hellip; <a href=\"https:\/\/www.debuechi.ch\/blog\/2025\/07\/05\/k-i-album-1\/\">Weiterlesen <span class=\"meta-nav\">&rarr;<\/span><\/a><\/p>\n","protected":false},"author":2,"featured_media":0,"comment_status":"open","ping_status":"open","sticky":false,"template":"","format":"standard","meta":{"footnotes":"","_links_to":"","_links_to_target":""},"categories":[1],"tags":[],"class_list":["post-22081","post","type-post","status-publish","format-standard","hentry","category-allgemeines"],"_links":{"self":[{"href":"https:\/\/www.debuechi.ch\/blog\/wp-json\/wp\/v2\/posts\/22081","targetHints":{"allow":["GET"]}}],"collection":[{"href":"https:\/\/www.debuechi.ch\/blog\/wp-json\/wp\/v2\/posts"}],"about":[{"href":"https:\/\/www.debuechi.ch\/blog\/wp-json\/wp\/v2\/types\/post"}],"author":[{"embeddable":true,"href":"https:\/\/www.debuechi.ch\/blog\/wp-json\/wp\/v2\/users\/2"}],"replies":[{"embeddable":true,"href":"https:\/\/www.debuechi.ch\/blog\/wp-json\/wp\/v2\/comments?post=22081"}],"version-history":[{"count":4,"href":"https:\/\/www.debuechi.ch\/blog\/wp-json\/wp\/v2\/posts\/22081\/revisions"}],"predecessor-version":[{"id":22092,"href":"https:\/\/www.debuechi.ch\/blog\/wp-json\/wp\/v2\/posts\/22081\/revisions\/22092"}],"wp:attachment":[{"href":"https:\/\/www.debuechi.ch\/blog\/wp-json\/wp\/v2\/media?parent=22081"}],"wp:term":[{"taxonomy":"category","embeddable":true,"href":"https:\/\/www.debuechi.ch\/blog\/wp-json\/wp\/v2\/categories?post=22081"},{"taxonomy":"post_tag","embeddable":true,"href":"https:\/\/www.debuechi.ch\/blog\/wp-json\/wp\/v2\/tags?post=22081"}],"curies":[{"name":"wp","href":"https:\/\/api.w.org\/{rel}","templated":true}]}}