{"id":22756,"date":"2026-09-06T11:45:18","date_gmt":"2026-09-06T09:45:18","guid":{"rendered":"https:\/\/www.debuechi.ch\/blog\/?p=22756"},"modified":"2026-09-06T11:45:18","modified_gmt":"2026-09-06T09:45:18","slug":"bjoern-und-angelika","status":"publish","type":"post","link":"https:\/\/www.debuechi.ch\/blog\/2026\/09\/06\/bjoern-und-angelika\/","title":{"rendered":"Bj\u00f6rn und Angelika"},"content":{"rendered":"\n<figure class=\"wp-block-image size-large\"><img loading=\"lazy\" decoding=\"async\" width=\"1024\" height=\"1024\" src=\"https:\/\/www.debuechi.ch\/blog\/wp-content\/uploads\/2026\/09\/bjoernundangelika-1024x1024.png\" alt=\"\" class=\"wp-image-22757\" srcset=\"https:\/\/www.debuechi.ch\/blog\/wp-content\/uploads\/2026\/09\/bjoernundangelika-1024x1024.png 1024w, https:\/\/www.debuechi.ch\/blog\/wp-content\/uploads\/2026\/09\/bjoernundangelika-444x444.png 444w, https:\/\/www.debuechi.ch\/blog\/wp-content\/uploads\/2026\/09\/bjoernundangelika-150x150.png 150w, https:\/\/www.debuechi.ch\/blog\/wp-content\/uploads\/2026\/09\/bjoernundangelika-768x768.png 768w, https:\/\/www.debuechi.ch\/blog\/wp-content\/uploads\/2026\/09\/bjoernundangelika-300x300.png 300w, https:\/\/www.debuechi.ch\/blog\/wp-content\/uploads\/2026\/09\/bjoernundangelika.png 1254w\" sizes=\"auto, (max-width: 1024px) 100vw, 1024px\" \/><\/figure>\n\n\n\n<p class=\"has-text-align-center\"><strong>Mein neues Lied ist da! <\/strong><\/p>\n\n\n\n<p class=\"has-text-align-center\">Ich freue mich, meinen neuen Song mit euch zu teilen. Ab sofort k\u00f6nnt ihr ihn auf den Streamingplattformen h\u00f6ren.<\/p>\n\n\n\n<p class=\"has-text-align-center\">H\u00f6rt gerne rein und lasst mich wissen, wie er euch gef\u00e4llt. Danke f\u00fcr eure Unterst\u00fctzung und viel Spa\u00df beim H\u00f6ren!<\/p>\n\n\n\n<figure class=\"wp-block-embed is-type-rich is-provider-spotify wp-block-embed-spotify wp-embed-aspect-21-9 wp-has-aspect-ratio\"><div class=\"wp-block-embed__wrapper\">\n<iframe title=\"Spotify Embed: Bj\u00f6rn und Angelika\" style=\"border-radius: 12px\" width=\"100%\" height=\"352\" frameborder=\"0\" allowfullscreen allow=\"autoplay; clipboard-write; encrypted-media; fullscreen; picture-in-picture\" loading=\"lazy\" src=\"https:\/\/open.spotify.com\/embed\/album\/6kK1xZ09ZHiqmxWM9xNyGv?si=2GoDVAIgRdyLXYstEtCe8Q&amp;utm_source=oembed\"><\/iframe>\n<\/div><\/figure>\n\n\n\n<p>Liebe Gr\u00fcsse de B\u00fcchi<\/p>\n","protected":false},"excerpt":{"rendered":"<p>Mein neues Lied ist da! Ich freue mich, meinen neuen Song mit euch zu teilen. Ab sofort k\u00f6nnt ihr ihn auf den Streamingplattformen h\u00f6ren. H\u00f6rt gerne rein und lasst mich wissen, wie er euch gef\u00e4llt. Danke f\u00fcr eure Unterst\u00fctzung und &hellip; <a href=\"https:\/\/www.debuechi.ch\/blog\/2026\/09\/06\/bjoern-und-angelika\/\">Weiterlesen <span class=\"meta-nav\">&rarr;<\/span><\/a><\/p>\n","protected":false},"author":2,"featured_media":0,"comment_status":"open","ping_status":"open","sticky":false,"template":"","format":"standard","meta":{"footnotes":"","_links_to":"","_links_to_target":""},"categories":[1],"tags":[],"class_list":["post-22756","post","type-post","status-publish","format-standard","hentry","category-allgemeines"],"_links":{"self":[{"href":"https:\/\/www.debuechi.ch\/blog\/wp-json\/wp\/v2\/posts\/22756","targetHints":{"allow":["GET"]}}],"collection":[{"href":"https:\/\/www.debuechi.ch\/blog\/wp-json\/wp\/v2\/posts"}],"about":[{"href":"https:\/\/www.debuechi.ch\/blog\/wp-json\/wp\/v2\/types\/post"}],"author":[{"embeddable":true,"href":"https:\/\/www.debuechi.ch\/blog\/wp-json\/wp\/v2\/users\/2"}],"replies":[{"embeddable":true,"href":"https:\/\/www.debuechi.ch\/blog\/wp-json\/wp\/v2\/comments?post=22756"}],"version-history":[{"count":1,"href":"https:\/\/www.debuechi.ch\/blog\/wp-json\/wp\/v2\/posts\/22756\/revisions"}],"predecessor-version":[{"id":22758,"href":"https:\/\/www.debuechi.ch\/blog\/wp-json\/wp\/v2\/posts\/22756\/revisions\/22758"}],"wp:attachment":[{"href":"https:\/\/www.debuechi.ch\/blog\/wp-json\/wp\/v2\/media?parent=22756"}],"wp:term":[{"taxonomy":"category","embeddable":true,"href":"https:\/\/www.debuechi.ch\/blog\/wp-json\/wp\/v2\/categories?post=22756"},{"taxonomy":"post_tag","embeddable":true,"href":"https:\/\/www.debuechi.ch\/blog\/wp-json\/wp\/v2\/tags?post=22756"}],"curies":[{"name":"wp","href":"https:\/\/api.w.org\/{rel}","templated":true}]}}