{"id":4074,"date":"2010-03-05T00:00:49","date_gmt":"2010-03-04T22:00:49","guid":{"rendered":"http:\/\/www.debuechi.ch\/blog\/?p=4074"},"modified":"2010-03-01T01:23:58","modified_gmt":"2010-02-28T23:23:58","slug":"alf-part-01","status":"publish","type":"post","link":"https:\/\/www.debuechi.ch\/blog\/2010\/03\/05\/alf-part-01\/","title":{"rendered":"Alf Part 01"},"content":{"rendered":"<p><a href=\"http:\/\/www.filmsprung.ch\/wordpress\/wp-content\/uploads\/alf1.jpg\"><img loading=\"lazy\" decoding=\"async\" class=\"aligncenter size-full wp-image-4075\" title=\"alf1\" src=\"http:\/\/www.debuechi.ch\/blog\/wp-content\/uploads\/2010\/03\/alf1.jpg\" alt=\"\" width=\"490\" height=\"301\" \/><\/a><\/p>\n<p style=\"text-align: center;\">Ich stolperte nach ein paar Jahren auf eine DVD Colection! ALF (Ausser Idrische Lebens Form)<\/p>\n<p style=\"text-align: center;\">Nach ein paar Filmchen aus den weiten des Internetes suchte ich mir den g\u00fcnstigsten Anbieter der 1 Stafel der Alf Serie. In der ersten Staffel erf\u00e4hrt man so einiges. Wie der kleine Gordon Shumway genannt ALF (Alien Life Form) zur 0815 Amerikanischen Familie zu den Theners kam. Das war eine Landung! Hierbei staune ich immer wieder aufs neue. Wie man dem Zuschauer der Serie antreiben kann, seine Phantasie zu ben\u00fctzen. Oder sie hatten fr\u00fcher nicht die Spezial Effekte wie man sie heute aus den Serien kennt ;-).<\/p>\n<p style=\"text-align: center;\">Aber eine Bruchlandung so zu inszinieren &#8211; wow!<\/p>\n<p style=\"text-align: center;\">Die 1 Staffel streckt sich auf satte 4 DVD`s ich habe also laut Angaben der DVD H\u00fclle 612 Minuten meines Lebens Alf gewidmet. Ich bereue es nicht, ein Lacher hier ein Schmunzler da, einfach nach einem langen Arbeitstag eine Episode Alf und schon kann man wieder locker zu Bett gehen.<\/p>\n<p style=\"text-align: center;\">Die Folgen habe ich nun alle gesehen. Da kam die letzte Folge der Staffel und schon war ich wieder am durchst\u00f6bern welcher Webshop mir den DVD am g\u00fcnstigsten verkaufen will. Auf meiner Suche nach dem g\u00fcnstigen stiess ich auf eine interessante Entdeckung. Der gute alte ALF hat einen FILM! Da wurde nicht lange gefackelt. Nun freue ich mich auf die 2 Staffel der TV Serien ALF und auf seinen FILM!<\/p>\n<p style=\"text-align: center;\"><a href=\"http:\/\/www.firsttvdrama.com\/central\/universe\/alf2.jpg\"><img loading=\"lazy\" decoding=\"async\" class=\"aligncenter size-full wp-image-4076\" title=\"alf2\" src=\"http:\/\/www.debuechi.ch\/blog\/wp-content\/uploads\/2010\/03\/alf2.jpg\" alt=\"\" width=\"300\" height=\"501\" \/><\/a><\/p>\n<p style=\"text-align: center;\">Wobei ich mir vom Film nicht all zu viel Serien Flair erwarten werde. Hoffe nur die Deutsche Stimme von Alf wird die selbe sein. Weil das ist einfach ein Markenzeichen von Ihm. Auf Englisch klingt es nicht schlecht aber ich lese so langsam wenn man eine satte Staffel Folge sehen will ;-).<\/p>\n<p style=\"text-align: center;\">\n<p style=\"text-align: center;\">Wer kennt ALF? Bin gespannt auf Eure Kommentare.<\/p>\n<p style=\"text-align: center;\">Gruss B\u00fcchi!<\/p>\n","protected":false},"excerpt":{"rendered":"<p>Ich stolperte nach ein paar Jahren auf eine DVD Colection! ALF (Ausser Idrische Lebens Form) Nach ein paar Filmchen aus den weiten des Internetes suchte ich mir den g\u00fcnstigsten Anbieter der 1 Stafel der Alf Serie. In der ersten Staffel &hellip; <a href=\"https:\/\/www.debuechi.ch\/blog\/2010\/03\/05\/alf-part-01\/\">Weiterlesen <span class=\"meta-nav\">&rarr;<\/span><\/a><\/p>\n","protected":false},"author":2,"featured_media":0,"comment_status":"open","ping_status":"open","sticky":false,"template":"","format":"standard","meta":{"footnotes":"","_links_to":"","_links_to_target":""},"categories":[1],"tags":[],"class_list":["post-4074","post","type-post","status-publish","format-standard","hentry","category-allgemeines"],"_links":{"self":[{"href":"https:\/\/www.debuechi.ch\/blog\/wp-json\/wp\/v2\/posts\/4074","targetHints":{"allow":["GET"]}}],"collection":[{"href":"https:\/\/www.debuechi.ch\/blog\/wp-json\/wp\/v2\/posts"}],"about":[{"href":"https:\/\/www.debuechi.ch\/blog\/wp-json\/wp\/v2\/types\/post"}],"author":[{"embeddable":true,"href":"https:\/\/www.debuechi.ch\/blog\/wp-json\/wp\/v2\/users\/2"}],"replies":[{"embeddable":true,"href":"https:\/\/www.debuechi.ch\/blog\/wp-json\/wp\/v2\/comments?post=4074"}],"version-history":[{"count":3,"href":"https:\/\/www.debuechi.ch\/blog\/wp-json\/wp\/v2\/posts\/4074\/revisions"}],"predecessor-version":[{"id":4079,"href":"https:\/\/www.debuechi.ch\/blog\/wp-json\/wp\/v2\/posts\/4074\/revisions\/4079"}],"wp:attachment":[{"href":"https:\/\/www.debuechi.ch\/blog\/wp-json\/wp\/v2\/media?parent=4074"}],"wp:term":[{"taxonomy":"category","embeddable":true,"href":"https:\/\/www.debuechi.ch\/blog\/wp-json\/wp\/v2\/categories?post=4074"},{"taxonomy":"post_tag","embeddable":true,"href":"https:\/\/www.debuechi.ch\/blog\/wp-json\/wp\/v2\/tags?post=4074"}],"curies":[{"name":"wp","href":"https:\/\/api.w.org\/{rel}","templated":true}]}}